{"id":301,"date":"2023-08-26T11:23:49","date_gmt":"2023-08-26T11:23:49","guid":{"rendered":"https:\/\/bibibloomsfree.com\/?p=301"},"modified":"2023-10-17T16:10:31","modified_gmt":"2023-10-17T16:10:31","slug":"hipocresia-e-blanqueo","status":"publish","type":"post","link":"https:\/\/bibibloomsfree.com\/index.php\/2023\/08\/26\/hipocresia-e-blanqueo\/","title":{"rendered":"Hipocres\u00eda e Blanqueo"},"content":{"rendered":"\n<figure class=\"wp-block-image size-large is-resized\"><img loading=\"lazy\" decoding=\"async\" src=\"https:\/\/bibibloomsfree.com\/wp-content\/uploads\/2023\/08\/IMG_0342-1024x1024.jpeg\" alt=\"\" class=\"wp-image-302\" style=\"width:374px;height:374px\" width=\"374\" height=\"374\" srcset=\"https:\/\/bibibloomsfree.com\/wp-content\/uploads\/2023\/08\/IMG_0342-1024x1024.jpeg 1024w, https:\/\/bibibloomsfree.com\/wp-content\/uploads\/2023\/08\/IMG_0342-300x300.jpeg 300w, https:\/\/bibibloomsfree.com\/wp-content\/uploads\/2023\/08\/IMG_0342-150x150.jpeg 150w, https:\/\/bibibloomsfree.com\/wp-content\/uploads\/2023\/08\/IMG_0342-768x768.jpeg 768w, https:\/\/bibibloomsfree.com\/wp-content\/uploads\/2023\/08\/IMG_0342-270x270.jpeg 270w, https:\/\/bibibloomsfree.com\/wp-content\/uploads\/2023\/08\/IMG_0342.jpeg 1280w\" sizes=\"(max-width: 374px) 100vw, 374px\" \/><\/figure>\n\n\n\n<p>No medio das recentes controversias que sacudiron ao mundo do deporte, \u00e9 esencial reflexionar sobre a verdadeira natureza da integridade e a responsabilidade. A\u00ednda que \u00e9 certo que o Real Club Deportivo emitiu un comunicado en\u00e9rxico condenando as acci\u00f3ns do Presidente da RFEF, Lu\u00eds Rubiales, non podemos ignorar as cuesti\u00f3ns internas que requiren unha atenci\u00f3n igualmente apremiante.<\/p>\n\n\n\n<p>A tempada 21\/22 deixou unha mancha que non se pode ignorar: ocultar actos de malos tratos, machismo, racismo e comentarios de car\u00e1cter sexual. A verdadeira grandeza dun club m\u00eddese non s\u00f3 polos seus logros no campo, sen\u00f3n tam\u00e9n polo seu compromiso coa igualdade e a xustiza f\u00f3ra del. Non podemos eludir a responsabilidade que recae sobre n\u00f3s cando as acci\u00f3ns non est\u00e1n \u00e1 altura dos nosos principios.<\/p>\n\n\n\n<p>Ademais, xorde a cuesti\u00f3n de como se manexou a situaci\u00f3n da persoa que silenciou a realidade do que estaba a ocorrer. O mesmo que no palco presidencial se puxo farruco cunha muller. Non basta con sinalar co dedo \u00e1s inxustizas externas mentres deixamos sen abordar os problemas internos que persisten nas sombras. \u00c9 f\u00e1cil unirse a causas externas cando est\u00e1n en alza, cando o clamor da opini\u00f3n p\u00fablica emp\u00faxanos nesa direcci\u00f3n. Pero a aut\u00e9ntica valent\u00eda e honorabilidade radican en reco\u00f1ecer os erros propios e en facer unha limpeza interna, sen importar o inc\u00f3moda que poida ser.<\/p>\n\n\n\n<p>En \u00faltima instancia, a verdadeira medida da integridade dun club reside na s\u00faa capacidade para admitir os erros pasados e traballar incansablemente para corrixilos. O proceso pode ser doloroso e desafiante, pero \u00e9 fundamental para restaurar a confianza, para demostrar que estamos comprometidos cun cambio xenu\u00edno e duradeiro. Unirse a loitas alleas pode ser un paso importante, pero \u00e9 a\u00ednda m\u00e1is crucial mirar cara a dentro, confrontar nosas propias deficiencias e demostrar, a trav\u00e9s das nosas acci\u00f3ns, que estamos verdadeiramente comprometidos coa igualdade, a xustiza e a verdadeira excelencia, tanto no campo como f\u00f3ra del.<\/p>\n\n\n\n<p><\/p>\n","protected":false},"excerpt":{"rendered":"<p>No medio das recentes controversias que sacudiron ao mundo do deporte, \u00e9 esencial reflexionar sobre a verdadeira natureza da integridade e a responsabilidade. A\u00ednda que \u00e9 certo que o Real Club Deportivo emitiu un comunicado en\u00e9rxico condenando as acci\u00f3ns do Presidente da RFEF, Lu\u00eds Rubiales, non podemos ignorar as cuesti\u00f3ns internas que requiren unha atenci\u00f3n igualmente apremiante. A tempada 21\/22 deixou unha mancha que non se pode ignorar: ocultar actos de malos tratos, machismo, racismo e comentarios de car\u00e1cter sexual&#8230;.<\/p>\n<p class=\"read-more\"><a class=\"btn btn-default\" href=\"https:\/\/bibibloomsfree.com\/index.php\/2023\/08\/26\/hipocresia-e-blanqueo\/\"> Leer m\u00e1s<span class=\"screen-reader-text\">  Leer m\u00e1s<\/span><\/a><\/p>\n","protected":false},"author":2,"featured_media":0,"comment_status":"open","ping_status":"open","sticky":false,"template":"","format":"standard","meta":{"footnotes":""},"categories":[50],"tags":[],"class_list":["post-301","post","type-post","status-publish","format-standard","hentry","category-galego"],"_links":{"self":[{"href":"https:\/\/bibibloomsfree.com\/index.php\/wp-json\/wp\/v2\/posts\/301"}],"collection":[{"href":"https:\/\/bibibloomsfree.com\/index.php\/wp-json\/wp\/v2\/posts"}],"about":[{"href":"https:\/\/bibibloomsfree.com\/index.php\/wp-json\/wp\/v2\/types\/post"}],"author":[{"embeddable":true,"href":"https:\/\/bibibloomsfree.com\/index.php\/wp-json\/wp\/v2\/users\/2"}],"replies":[{"embeddable":true,"href":"https:\/\/bibibloomsfree.com\/index.php\/wp-json\/wp\/v2\/comments?post=301"}],"version-history":[{"count":1,"href":"https:\/\/bibibloomsfree.com\/index.php\/wp-json\/wp\/v2\/posts\/301\/revisions"}],"predecessor-version":[{"id":303,"href":"https:\/\/bibibloomsfree.com\/index.php\/wp-json\/wp\/v2\/posts\/301\/revisions\/303"}],"wp:attachment":[{"href":"https:\/\/bibibloomsfree.com\/index.php\/wp-json\/wp\/v2\/media?parent=301"}],"wp:term":[{"taxonomy":"category","embeddable":true,"href":"https:\/\/bibibloomsfree.com\/index.php\/wp-json\/wp\/v2\/categories?post=301"},{"taxonomy":"post_tag","embeddable":true,"href":"https:\/\/bibibloomsfree.com\/index.php\/wp-json\/wp\/v2\/tags?post=301"}],"curies":[{"name":"wp","href":"https:\/\/api.w.org\/{rel}","templated":true}]}}